{"id":2328,"date":"2019-12-21T09:46:51","date_gmt":"2019-12-21T09:46:51","guid":{"rendered":"http:\/\/www.inspireintegration.org\/?p=2328"},"modified":"2019-12-21T10:35:18","modified_gmt":"2019-12-21T10:35:18","slug":"reunion-regionale-de-coordination-de-linitiative-inspire","status":"publish","type":"post","link":"https:\/\/www.inspireintegration.org\/?p=2328","title":{"rendered":"R\u00e9union r\u00e9gionale de coordination de l\u2019Initiative INSPiRE"},"content":{"rendered":"\n<p class=\"has-drop-cap has-text-align-left\">Du 05 au 07 novembre 2019, s\u2019est tenue \u00e0 Ouagadougou (Burkina Faso), la r\u00e9union r\u00e9gionale de coordination de l\u2019Initiative INSPiRE. Cette rencontre visait \u00e0 renforcer l\u2019\u00e9quipe de mise en \u0153uvre, harmoniser les interventions, discuter et \u00e9valuer l\u2019\u00e9tat d\u2019avancement des activit\u00e9s, les succ\u00e8s et les d\u00e9fis, de m\u00eame que les perspectives.  Quatri\u00e8me du genre, cette r\u00e9union r\u00e9gionale a connu la pr\u00e9sence des pr\u00e9sidents des Groupes Techniques de Travail (GTT) des trois pays, des m\u00e9decins responsables des districts des sites des mod\u00e8les d\u2019excellence et des partenaires.  <\/p>\n\n\n\n<p>La rencontre a connu les grandes articulations suivantes&nbsp;:  <\/p>\n\n\n\n<ul class=\"wp-block-list\"><li>bilan de la mise en \u0153uvre du projet dans chacun des trois (3) pays de r\u00e9f\u00e9rence&nbsp;;<\/li><li>que sont HKI, PATH, IRSS, INSP&nbsp;;<\/li><li>Pr\u00e9sentation du niveau de r\u00e9alisation global des objectifs de l\u2019An2 et de quelques indicateurs d\u2019int\u00e9gration&nbsp;;<\/li><li>Orientations pour l\u2019\u00e9laboration des workplans AN 3;<\/li><li>\u00c9laboration et pr\u00e9sentation des workplans an 3.<\/li><\/ul>\n\n\n\n<p>Cette rencontre a \u00e9t\u00e9 une grande occasion d\u2019\u00e9changes\nentre INSPiRE, les partenaires, les GTT et les m\u00e9decins chef de district.<\/p>\n","protected":false},"excerpt":{"rendered":"<p>Du 05 au 07 novembre 2019, s\u2019est tenue \u00e0 Ouagadougou (Burkina Faso), la r\u00e9union r\u00e9gionale de coordination de l\u2019Initiative INSPiRE. Cette rencontre visait \u00e0 renforcer l\u2019\u00e9quipe de mise en \u0153uvre, harmoniser les interventions, discuter et \u00e9valuer l\u2019\u00e9tat d\u2019avancement des activit\u00e9s, les succ\u00e8s et les d\u00e9fis, de m\u00eame que les perspectives. Quatri\u00e8me du genre, cette r\u00e9union [&hellip;]<\/p>\n","protected":false},"author":1,"featured_media":2329,"comment_status":"closed","ping_status":"open","sticky":true,"template":"","format":"standard","meta":{"_bbp_topic_count":0,"_bbp_reply_count":0,"_bbp_total_topic_count":0,"_bbp_total_reply_count":0,"_bbp_voice_count":0,"_bbp_anonymous_reply_count":0,"_bbp_topic_count_hidden":0,"_bbp_reply_count_hidden":0,"_bbp_forum_subforum_count":0,"footnotes":""},"categories":[2],"tags":[],"class_list":["post-2328","post","type-post","status-publish","format-standard","has-post-thumbnail","hentry","category-blog"],"_links":{"self":[{"href":"https:\/\/www.inspireintegration.org\/index.php?rest_route=\/wp\/v2\/posts\/2328","targetHints":{"allow":["GET"]}}],"collection":[{"href":"https:\/\/www.inspireintegration.org\/index.php?rest_route=\/wp\/v2\/posts"}],"about":[{"href":"https:\/\/www.inspireintegration.org\/index.php?rest_route=\/wp\/v2\/types\/post"}],"author":[{"embeddable":true,"href":"https:\/\/www.inspireintegration.org\/index.php?rest_route=\/wp\/v2\/users\/1"}],"replies":[{"embeddable":true,"href":"https:\/\/www.inspireintegration.org\/index.php?rest_route=%2Fwp%2Fv2%2Fcomments&post=2328"}],"version-history":[{"count":6,"href":"https:\/\/www.inspireintegration.org\/index.php?rest_route=\/wp\/v2\/posts\/2328\/revisions"}],"predecessor-version":[{"id":2343,"href":"https:\/\/www.inspireintegration.org\/index.php?rest_route=\/wp\/v2\/posts\/2328\/revisions\/2343"}],"wp:featuredmedia":[{"embeddable":true,"href":"https:\/\/www.inspireintegration.org\/index.php?rest_route=\/wp\/v2\/media\/2329"}],"wp:attachment":[{"href":"https:\/\/www.inspireintegration.org\/index.php?rest_route=%2Fwp%2Fv2%2Fmedia&parent=2328"}],"wp:term":[{"taxonomy":"category","embeddable":true,"href":"https:\/\/www.inspireintegration.org\/index.php?rest_route=%2Fwp%2Fv2%2Fcategories&post=2328"},{"taxonomy":"post_tag","embeddable":true,"href":"https:\/\/www.inspireintegration.org\/index.php?rest_route=%2Fwp%2Fv2%2Ftags&post=2328"}],"curies":[{"name":"wp","href":"https:\/\/api.w.org\/{rel}","templated":true}]}}