{"id":1998,"date":"2019-06-10T01:02:03","date_gmt":"2019-06-10T01:02:03","guid":{"rendered":"http:\/\/www.inspireintegration.org\/?p=1998"},"modified":"2019-08-14T10:32:48","modified_gmt":"2019-08-14T10:32:48","slug":"dr-jean-marc-djoman","status":"publish","type":"post","link":"https:\/\/www.inspireintegration.org\/?p=1998","title":{"rendered":"Dr Jean-Marc DJOMAN"},"content":{"rendered":"<p><strong>Le Coordonnateur national de la C\u00f4te d\u2019Ivoire<\/strong><\/p>\n<p>&nbsp;<\/p>\n<blockquote><p><strong>JM<\/strong> comme ces connaissances l\u2019appellent affectueusement a une parfaite ma\u00eetrise de l\u2019environnement institutionnel du Minist\u00e8re de la sant\u00e9 et bonne connaissance des proc\u00e9dures administratives et financi\u00e8res du Syst\u00e8me des Nations Unies et d\u2019autres PTF qu\u2019il entend mettre \u00e0 contribution pour le succ\u00e8s de l\u2019initiative INSPiRE dans les 9 pays du partenariat de Ouagadougou<\/p>\n<p>&nbsp;<\/p><\/blockquote>\n<p>Dr Djoman est titulaire d\u2019un doctorat en m\u00e9decine de l\u2019Universit\u00e9 d\u2019Abidjan et d\u2019un master en \u00e9conomie de la sant\u00e9 du Centre Africain d\u2019\u00e9tudes sup\u00e9rieures en Gestion de Dakar (S\u00e9n\u00e9gal). Il capitalise une longue exp\u00e9rience dans la mise en \u0153uvre et la gestion des projets et programmes dans le secteur de la sant\u00e9. Toute chose qui fait de lui un expert en sant\u00e9 publique. Au titre des postes de responsabilit\u00e9s qu\u2019il a occup\u00e9 tant l\u2019administration publique en C\u00f4te d\u2019Ivoire que dans les ONG et dans les organisations internationales on peut citer : Charg\u00e9 de Programme VIH au bureau central d\u2019Abidjan de l\u2019UNFPA, coordonnateur r\u00e9gional du sous bureau UNFPA RCI de Danane, charg\u00e9 d\u2019\u00e9tudes, chef par int\u00e9rim puis sous-directeur charg\u00e9 des \u00e9tudes et r\u00e9flexions du Minist\u00e8re de la sant\u00e9, m\u00e9decin chef du centre de sant\u00e9 urbain de Kouassi-kouassikro, m\u00e9decin responsable du service de maternit\u00e9 de la Formation Sanitaire Urbaine \u00e0 base communautaire Anonkoua-Koute d\u2019Abobo, et m\u00e9decin au Service de m\u00e9decine interne CHU de Treichville.<\/p>\n<p>Outre ces fonctions, Dr Djoman a \u00e9t\u00e9 acteur au niveau national de plusieurs \u00e9tudes et de travaux de recherches en tant que consultant au compte de plusieurs organisations internationales parmi lesquelles on peut citer l\u2019OMS, la repr\u00e9sentation de la Banque Mondiale en C\u00f4te d\u2019Ivoire, la Coop\u00e9ration Technique Belge, le Fonds Mondial de lutte contre le VIH SIDA, etc.<\/p>\n<p>Avant de rejoindre INSPiRE comme coordonnateur national, Dr Djoman occupait les fonctions de charg\u00e9 de projet sant\u00e9 au Secr\u00e9tariat technique du Contrat de D\u00e9sendettement et de D\u00e9veloppement de l\u2019Etat de la C\u00f4te d\u2019Ivoire \u00e0 l\u2019Agence Fran\u00e7aise de D\u00e9veloppement (ST-C2D- AFD).<\/p>\n<p>Membre de l\u2019ordre des m\u00e9decins de la C\u00f4te d\u2019Ivoire et de l\u2019association nationale des \u00e9conomistes de la sant\u00e9 de la C\u00f4te d\u2019Ivoire,<\/p>\n<blockquote><p>&nbsp;<\/p><\/blockquote>\n","protected":false},"excerpt":{"rendered":"<p>Le Coordonnateur national de la C\u00f4te d\u2019Ivoire &nbsp; JM comme ces connaissances l\u2019appellent affectueusement a une parfaite ma\u00eetrise de l\u2019environnement institutionnel du Minist\u00e8re de la sant\u00e9 et bonne connaissance des proc\u00e9dures administratives et financi\u00e8res du Syst\u00e8me des Nations Unies et d\u2019autres PTF qu\u2019il entend mettre \u00e0 contribution pour le succ\u00e8s de l\u2019initiative INSPiRE dans les [&hellip;]<\/p>\n","protected":false},"author":1,"featured_media":0,"comment_status":"closed","ping_status":"open","sticky":false,"template":"","format":"standard","meta":{"_bbp_topic_count":0,"_bbp_reply_count":0,"_bbp_total_topic_count":0,"_bbp_total_reply_count":0,"_bbp_voice_count":0,"_bbp_anonymous_reply_count":0,"_bbp_topic_count_hidden":0,"_bbp_reply_count_hidden":0,"_bbp_forum_subforum_count":0,"footnotes":""},"categories":[5],"tags":[],"class_list":["post-1998","post","type-post","status-publish","format-standard","hentry","category-teacher"],"_links":{"self":[{"href":"https:\/\/www.inspireintegration.org\/index.php?rest_route=\/wp\/v2\/posts\/1998","targetHints":{"allow":["GET"]}}],"collection":[{"href":"https:\/\/www.inspireintegration.org\/index.php?rest_route=\/wp\/v2\/posts"}],"about":[{"href":"https:\/\/www.inspireintegration.org\/index.php?rest_route=\/wp\/v2\/types\/post"}],"author":[{"embeddable":true,"href":"https:\/\/www.inspireintegration.org\/index.php?rest_route=\/wp\/v2\/users\/1"}],"replies":[{"embeddable":true,"href":"https:\/\/www.inspireintegration.org\/index.php?rest_route=%2Fwp%2Fv2%2Fcomments&post=1998"}],"version-history":[{"count":3,"href":"https:\/\/www.inspireintegration.org\/index.php?rest_route=\/wp\/v2\/posts\/1998\/revisions"}],"predecessor-version":[{"id":2003,"href":"https:\/\/www.inspireintegration.org\/index.php?rest_route=\/wp\/v2\/posts\/1998\/revisions\/2003"}],"wp:attachment":[{"href":"https:\/\/www.inspireintegration.org\/index.php?rest_route=%2Fwp%2Fv2%2Fmedia&parent=1998"}],"wp:term":[{"taxonomy":"category","embeddable":true,"href":"https:\/\/www.inspireintegration.org\/index.php?rest_route=%2Fwp%2Fv2%2Fcategories&post=1998"},{"taxonomy":"post_tag","embeddable":true,"href":"https:\/\/www.inspireintegration.org\/index.php?rest_route=%2Fwp%2Fv2%2Ftags&post=1998"}],"curies":[{"name":"wp","href":"https:\/\/api.w.org\/{rel}","templated":true}]}}